{"id":2345,"date":"2023-03-24T17:20:39","date_gmt":"2023-03-24T16:20:39","guid":{"rendered":"https:\/\/z31.vfdb.org\/wordpress\/?p=2345"},"modified":"2023-03-24T17:38:45","modified_gmt":"2023-03-24T16:38:45","slug":"ov-z31-bei-der-ehrenamtsausstellung-dabei","status":"publish","type":"post","link":"https:\/\/z31.vfdb.org\/wordpress\/?p=2345","title":{"rendered":"OV Z31 bei der Ehrenamtsausstellung in Leer dabei"},"content":{"rendered":"<p>Am Montag, den 20.03.2023, fand im Rathaussaal in Leer eine Ausstellung zum Ehrenamt statt. Unter dem Motto &#8222;Freiwillig anpacken in&#8230;&#8220; hatte die <a href=\"https:\/\/ehrenamt.landkreis-leer.de\/\">Stabsstelle Ehrenamt<\/a> des Landkreises Leer eingeladen.\u00a0 Am Ehrenamt interessierte Menschen, Vereine und Organisationen konnten so miteinander vor Ort ins Gespr\u00e4ch kommen. Im lockerer Atmosph\u00e4re pr\u00e4sentierten sich Vereine und Institutionen und kamen direkt mit interessierten Menschen in Kontakt. Der OV Z31 war mit einem Informationsstand vertreten und nutzte dieses tolle Angebot zur Vorstellung unserer vielf\u00e4ltigen Aktivit\u00e4ten und zum Netzwerken. Auch einige Vertreter lokaler Medien waren vor Ort und haben berichtet. Es war aus unserer Sicht eine gelungene Veranstaltung.<\/p>\n<p>&lt;Fotos: DL1BAV&gt;<\/p>\n<figure id=\"attachment_2346\" aria-describedby=\"caption-attachment-2346\" style=\"width: 764px\" class=\"wp-caption alignleft\"><img loading=\"lazy\" decoding=\"async\" class=\"wp-image-2346\" src=\"https:\/\/z31.vfdb.org\/wordpress\/wp-content\/uploads\/2023\/03\/EHRENAmt2k-300x225.jpg\" alt=\"\" width=\"764\" height=\"573\" srcset=\"https:\/\/z31.vfdb.org\/wordpress\/wp-content\/uploads\/2023\/03\/EHRENAmt2k-300x225.jpg 300w, https:\/\/z31.vfdb.org\/wordpress\/wp-content\/uploads\/2023\/03\/EHRENAmt2k-1024x768.jpg 1024w, https:\/\/z31.vfdb.org\/wordpress\/wp-content\/uploads\/2023\/03\/EHRENAmt2k-768x576.jpg 768w, https:\/\/z31.vfdb.org\/wordpress\/wp-content\/uploads\/2023\/03\/EHRENAmt2k-1536x1152.jpg 1536w, https:\/\/z31.vfdb.org\/wordpress\/wp-content\/uploads\/2023\/03\/EHRENAmt2k-2048x1536.jpg 2048w\" sizes=\"auto, (max-width: 764px) 100vw, 764px\" \/><figcaption id=\"caption-attachment-2346\" class=\"wp-caption-text\">Der Stand des OV Z31<\/figcaption><\/figure>\n<p>&nbsp;<\/p>\n<p>&nbsp;<\/p>\n<p>&nbsp;<\/p>\n<p>&nbsp;<\/p>\n<p>&nbsp;<\/p>\n<p>&nbsp;<\/p>\n<p>&nbsp;<\/p>\n<p>&nbsp;<\/p>\n<p>&nbsp;<\/p>\n<p>&nbsp;<\/p>\n<p>&nbsp;<\/p>\n<p>&nbsp;<\/p>\n<p>&nbsp;<\/p>\n<p>&nbsp;<\/p>\n<p>&nbsp;<\/p>\n<p>&nbsp;<\/p>\n<p>&nbsp;<\/p>\n<p>&nbsp;<\/p>\n<p>&nbsp;<\/p>\n<p>&nbsp;<\/p>\n<figure id=\"attachment_2348\" aria-describedby=\"caption-attachment-2348\" style=\"width: 765px\" class=\"wp-caption alignleft\"><img loading=\"lazy\" decoding=\"async\" class=\"wp-image-2348 \" src=\"https:\/\/z31.vfdb.org\/wordpress\/wp-content\/uploads\/2023\/03\/EHRENAmt1k-300x256.jpg\" alt=\"\" width=\"765\" height=\"653\" srcset=\"https:\/\/z31.vfdb.org\/wordpress\/wp-content\/uploads\/2023\/03\/EHRENAmt1k-300x256.jpg 300w, https:\/\/z31.vfdb.org\/wordpress\/wp-content\/uploads\/2023\/03\/EHRENAmt1k.jpg 703w\" sizes=\"auto, (max-width: 765px) 100vw, 765px\" \/><figcaption id=\"caption-attachment-2348\" class=\"wp-caption-text\">Claus-Peter Horst, B\u00fcrgermeister der Stadt Leer, bei seinem Gru\u00dfwort zur Veranstaltung<\/figcaption><\/figure>\n<p>&nbsp;<\/p>\n<p>&nbsp;<\/p>\n<p>&nbsp;<\/p>\n<p>&nbsp;<\/p>\n<p>&nbsp;<\/p>\n<p>&nbsp;<\/p>\n<p>&nbsp;<\/p>\n<p>&nbsp;<\/p>\n<p>&nbsp;<\/p>\n<p>&nbsp;<\/p>\n<p>&nbsp;<\/p>\n<p>&nbsp;<\/p>\n<p>&nbsp;<\/p>\n<p>&nbsp;<\/p>\n<p>&nbsp;<\/p>\n<p>&nbsp;<\/p>\n<p>&nbsp;<\/p>\n<p>&nbsp;<\/p>\n<p>&nbsp;<\/p>\n<p>&nbsp;<\/p>\n<p>&nbsp;<\/p>\n<p>&nbsp;<\/p>\n<p>&nbsp;<\/p>\n<p>&nbsp;<\/p>\n<figure id=\"attachment_2349\" aria-describedby=\"caption-attachment-2349\" style=\"width: 780px\" class=\"wp-caption alignnone\"><img loading=\"lazy\" decoding=\"async\" class=\"wp-image-2349 \" src=\"https:\/\/z31.vfdb.org\/wordpress\/wp-content\/uploads\/2023\/03\/EHRENAmt3k-225x300.jpg\" alt=\"\" width=\"780\" height=\"1040\" srcset=\"https:\/\/z31.vfdb.org\/wordpress\/wp-content\/uploads\/2023\/03\/EHRENAmt3k-225x300.jpg 225w, https:\/\/z31.vfdb.org\/wordpress\/wp-content\/uploads\/2023\/03\/EHRENAmt3k-768x1024.jpg 768w, https:\/\/z31.vfdb.org\/wordpress\/wp-content\/uploads\/2023\/03\/EHRENAmt3k-1152x1536.jpg 1152w, https:\/\/z31.vfdb.org\/wordpress\/wp-content\/uploads\/2023\/03\/EHRENAmt3k-1536x2048.jpg 1536w, https:\/\/z31.vfdb.org\/wordpress\/wp-content\/uploads\/2023\/03\/EHRENAmt3k-scaled.jpg 1920w\" sizes=\"auto, (max-width: 780px) 100vw, 780px\" \/><figcaption id=\"caption-attachment-2349\" class=\"wp-caption-text\">In einer Wandzeitung wurden die teilnehmenden Vereine vorgestellt<\/figcaption><\/figure>\n<p>&nbsp;<\/p>\n<p>&nbsp;<\/p>\n","protected":false},"excerpt":{"rendered":"<p>Am Montag, den 20.03.2023, fand im Rathaussaal in Leer eine Ausstellung zum Ehrenamt statt. Unter dem Motto &#8222;Freiwillig anpacken in&#8230;&#8220; hatte die Stabsstelle Ehrenamt des Landkreises Leer eingeladen.\u00a0 Am Ehrenamt interessierte Menschen, Vereine und Organisationen konnten so miteinander vor Ort ins Gespr\u00e4ch kommen. Im lockerer Atmosph\u00e4re pr\u00e4sentierten sich Vereine und Institutionen und kamen direkt mit [&hellip;]<\/p>\n","protected":false},"author":1,"featured_media":0,"comment_status":"closed","ping_status":"closed","sticky":false,"template":"","format":"standard","meta":{"footnotes":""},"categories":[1],"tags":[],"class_list":["post-2345","post","type-post","status-publish","format-standard","hentry","category-allgemein"],"aioseo_notices":[],"_links":{"self":[{"href":"https:\/\/z31.vfdb.org\/wordpress\/index.php?rest_route=\/wp\/v2\/posts\/2345","targetHints":{"allow":["GET"]}}],"collection":[{"href":"https:\/\/z31.vfdb.org\/wordpress\/index.php?rest_route=\/wp\/v2\/posts"}],"about":[{"href":"https:\/\/z31.vfdb.org\/wordpress\/index.php?rest_route=\/wp\/v2\/types\/post"}],"author":[{"embeddable":true,"href":"https:\/\/z31.vfdb.org\/wordpress\/index.php?rest_route=\/wp\/v2\/users\/1"}],"replies":[{"embeddable":true,"href":"https:\/\/z31.vfdb.org\/wordpress\/index.php?rest_route=%2Fwp%2Fv2%2Fcomments&post=2345"}],"version-history":[{"count":13,"href":"https:\/\/z31.vfdb.org\/wordpress\/index.php?rest_route=\/wp\/v2\/posts\/2345\/revisions"}],"predecessor-version":[{"id":2361,"href":"https:\/\/z31.vfdb.org\/wordpress\/index.php?rest_route=\/wp\/v2\/posts\/2345\/revisions\/2361"}],"wp:attachment":[{"href":"https:\/\/z31.vfdb.org\/wordpress\/index.php?rest_route=%2Fwp%2Fv2%2Fmedia&parent=2345"}],"wp:term":[{"taxonomy":"category","embeddable":true,"href":"https:\/\/z31.vfdb.org\/wordpress\/index.php?rest_route=%2Fwp%2Fv2%2Fcategories&post=2345"},{"taxonomy":"post_tag","embeddable":true,"href":"https:\/\/z31.vfdb.org\/wordpress\/index.php?rest_route=%2Fwp%2Fv2%2Ftags&post=2345"}],"curies":[{"name":"wp","href":"https:\/\/api.w.org\/{rel}","templated":true}]}}